{"id":2276,"date":"2020-09-19T11:44:42","date_gmt":"2020-09-19T11:44:42","guid":{"rendered":"https:\/\/dwoobox.com\/?p=2276"},"modified":"2020-09-19T11:47:48","modified_gmt":"2020-09-19T11:47:48","slug":"trainer-feedback-mehr-engagement-notwendig","status":"publish","type":"post","link":"https:\/\/dwoobox.com\/?p=2276","title":{"rendered":"Trainer Feedback &#8211; Mehr Engagement notwendig!"},"content":{"rendered":"\n<h3 class=\"wp-block-heading\"><em>Warum ist mir Wissensvermittlung wichtig?<\/em><\/h3>\n\n\n\n<p>Ausbildung, Weiterbildung ist der Antrieb der Gesellschaft. Lehren ist eine verantwortungsvolle Aufgabe, sowohl im Jugendlichen- als auch im Erwachsenen-Bereich, der ich als ausgebildeter Fachtrainer mit viel Engagement nachkomme. Wir lernen nicht f\u00fcr Pr\u00fcfungen oder Tests, sondern f\u00fcr unseren eigenen (Lebens-)Erfolg. Je mehr Wissen wir aufnehmen desto kompetenter ist unser Wirken in der Gesellschaft.<\/p>\n\n\n\n<!--more-->\n\n\n\n<h3 class=\"wp-block-heading\"><em>Coach oder Trainer?<\/em><\/h3>\n\n\n\n<p>Die Frage stelle ich mir aufgrund meiner inneren Einstellung. Ich sehe mich in dieser T\u00e4tigkeit weniger als Trainer, sondern ganz bewusst als Coach mit der Verantwortung, aber auch der M\u00f6glichkeit, Wissen zu vermitteln und damit jedes einzelne Individuum ein St\u00fcck Werkzeug auf den Weg zu geben. Wissen ist das Fundament eines erfolgreichen und harmonischen Lebens<\/p>\n\n\n\n<h3 class=\"wp-block-heading\"><em>Der Coach und sein Team!<\/em><\/h3>\n\n\n\n<p>Teambildung, soziale Kompetenzen sind der Schl\u00fcssel einer erfolgreichen Ausbildung. Gemeinsames Lernen unterst\u00fctzt die Auszubildenden soziale Kompetenz aufzubauen und erm\u00f6glicht bereits in der Ausbildungsphase pers\u00f6nliche Netzwerke f\u00fcr die Zukunft zu festigen. Der Coach ist dabei eine tragende S\u00e4ule w\u00e4hrend der Ausbildung.<\/p>\n\n\n\n<h3 class=\"wp-block-heading\"><em>Meine Kompetenz im Unternehmen<\/em><\/h3>\n\n\n\n<p>Internationale und interkulturelle Berufserfahrung als IT Experte, Service- und Projektmanager und eine langj\u00e4hrige Erfahrung als Fachtrainer in der Fach-Intensiv-Ausbildung FIA als auch im Privatkundenbereich in den Bereichen Elektrotechnik, Elektronik, IT und \u00dcbertragungstechnik pr\u00e4gten meinen beruflichen Werdegang.<\/p>\n\n\n\n<h3 class=\"wp-block-heading\"><em>Ist digitale Kompetenz zukunftsweisend?<\/em><\/h3>\n\n\n\n<p>Ja, auch Trainern und Ausbilder sind aufgefordert ihre Bereitschaft zur Weiterentwicklung, genauer, der Aufbau digitaler Kompetenz offen gegen\u00fcber zu stehen. W\u00e4hrend meiner beruflichen Laufbahn und sicherlich auch als Fachtrainer waren stets Innovationen willkommen um damit zu experimentieren und weiter zu entwickeln. Meine Erfahrung und Kompetenz \u00fcberspannen sicherlich Windows- und iMac- sowie Android-Systeme inklusive deren Applikationen. Zus\u00e4tzlich besch\u00e4ftige ich mich intensiv mit Learning Management Systemen (LMS) wie Moodle.<\/p>\n\n\n\n<h3 class=\"wp-block-heading\"><em>Online oder Pr\u00e4senz<\/em><\/h3>\n\n\n\n<p>Digitales Online Lernen ist derzeit verst\u00e4rkt in aller Munde und gilt immer noch als Killer f\u00fcr den Pr\u00e4senzunterricht, so einige Kritiker (Fachfremde). Schaffen wir es aber Pr\u00e4senzunterricht und Online Lernen angesichts der Thematiken zu kombinieren kann diese neue Ausbildungsform ein absoluter positiver Trend sein. B\u00fccher werden lebendig und die Visualisierung durch Animationen helfen allen Beteiligten einen lebendigen und abwechslungsreichen Unterricht zu gestalten<\/p>\n\n\n\n<h3 class=\"wp-block-heading\"><em>Sind wir dazu bereit?<\/em><\/h3>\n\n\n\n<p>Nein, denn solange wir Inhalte einfach online stellen sind wir noch nicht \u201edigital\u201c! Es bedarf einer intensiven Aufkl\u00e4rung und damit einem Umdenken und einer engen Zusammenarbeit zwischen Trainer\/Coach und dem Management. Planen wir die Zukunft gemeinsam!<\/p>\n\n\n\n<p><\/p>\n","protected":false},"excerpt":{"rendered":"<p>Warum ist mir Wissensvermittlung wichtig? Ausbildung, Weiterbildung ist der Antrieb der Gesellschaft. Lehren ist eine verantwortungsvolle Aufgabe, sowohl im Jugendlichen- als auch im Erwachsenen-Bereich, der ich als ausgebildeter Fachtrainer mit viel Engagement nachkomme. Wir lernen nicht f\u00fcr Pr\u00fcfungen oder Tests, sondern f\u00fcr unseren eigenen (Lebens-)Erfolg. Je mehr Wissen wir aufnehmen desto kompetenter ist unser Wirken [&hellip;]<\/p>\n","protected":false},"author":1,"featured_media":0,"comment_status":"open","ping_status":"open","sticky":false,"template":"","format":"standard","meta":[],"categories":[1],"tags":[],"_links":{"self":[{"href":"https:\/\/dwoobox.com\/index.php?rest_route=\/wp\/v2\/posts\/2276"}],"collection":[{"href":"https:\/\/dwoobox.com\/index.php?rest_route=\/wp\/v2\/posts"}],"about":[{"href":"https:\/\/dwoobox.com\/index.php?rest_route=\/wp\/v2\/types\/post"}],"author":[{"embeddable":true,"href":"https:\/\/dwoobox.com\/index.php?rest_route=\/wp\/v2\/users\/1"}],"replies":[{"embeddable":true,"href":"https:\/\/dwoobox.com\/index.php?rest_route=%2Fwp%2Fv2%2Fcomments&post=2276"}],"version-history":[{"count":4,"href":"https:\/\/dwoobox.com\/index.php?rest_route=\/wp\/v2\/posts\/2276\/revisions"}],"predecessor-version":[{"id":2280,"href":"https:\/\/dwoobox.com\/index.php?rest_route=\/wp\/v2\/posts\/2276\/revisions\/2280"}],"wp:attachment":[{"href":"https:\/\/dwoobox.com\/index.php?rest_route=%2Fwp%2Fv2%2Fmedia&parent=2276"}],"wp:term":[{"taxonomy":"category","embeddable":true,"href":"https:\/\/dwoobox.com\/index.php?rest_route=%2Fwp%2Fv2%2Fcategories&post=2276"},{"taxonomy":"post_tag","embeddable":true,"href":"https:\/\/dwoobox.com\/index.php?rest_route=%2Fwp%2Fv2%2Ftags&post=2276"}],"curies":[{"name":"wp","href":"https:\/\/api.w.org\/{rel}","templated":true}]}}